{"id":13400,"date":"2025-11-25T16:35:40","date_gmt":"2025-11-25T16:35:40","guid":{"rendered":"https:\/\/dihse.es\/?p=13400"},"modified":"2025-11-25T16:38:05","modified_gmt":"2025-11-25T16:38:05","slug":"braganca-acoge-el-evento-previo-al-vii-congreso-internacional-silver-economy","status":"publish","type":"post","link":"https:\/\/dihse.es\/es\/braganca-acoge-el-evento-previo-al-vii-congreso-internacional-silver-economy\/","title":{"rendered":"Bragan\u00e7a acoge el evento previo al VII Congreso Internacional Silver Economy"},"content":{"rendered":"\t\t<div data-elementor-type=\"wp-post\" data-elementor-id=\"13400\" class=\"elementor elementor-13400\" data-elementor-post-type=\"post\">\n\t\t\t\t\t\t\t<div class=\"elementor-element elementor-element-6147c43 e-flex e-con-boxed e-con e-parent\" data-id=\"6147c43\" data-element_type=\"container\" data-settings=\"{&quot;content_width&quot;:&quot;boxed&quot;}\" data-core-v316-plus=\"true\">\n\t\t\t\t\t<div class=\"e-con-inner\">\n\t\t\t\t<div class=\"elementor-element elementor-element-3ce42ab elementor-widget elementor-widget-text-editor\" data-id=\"3ce42ab\" data-element_type=\"widget\" data-widget_type=\"text-editor.default\">\n\t\t\t\t<div class=\"elementor-widget-container\">\n\t\t\t<style>\/*! elementor - v3.18.0 - 20-12-2023 *\/\n.elementor-widget-text-editor.elementor-drop-cap-view-stacked .elementor-drop-cap{background-color:#69727d;color:#fff}.elementor-widget-text-editor.elementor-drop-cap-view-framed .elementor-drop-cap{color:#69727d;border:3px solid;background-color:transparent}.elementor-widget-text-editor:not(.elementor-drop-cap-view-default) .elementor-drop-cap{margin-top:8px}.elementor-widget-text-editor:not(.elementor-drop-cap-view-default) .elementor-drop-cap-letter{width:1em;height:1em}.elementor-widget-text-editor .elementor-drop-cap{float:left;text-align:center;line-height:1;font-size:50px}.elementor-widget-text-editor .elementor-drop-cap-letter{display:inline-block}<\/style>\t\t\t\t<p>En el Brigantia Ecopark, expertos y empresas de Portugal y Espa\u00f1a se reunieron en el Pre-Evento del Digital Innovation Hub Silver Economy \u2013 Bragan\u00e7a (que anticip\u00f3 el VII Congreso Internacional Silver Economy, que se celebrar\u00e1 en Zamora del 27 al 29 de noviembre).<\/p><p>El objetivo de este encuentro fue reflexionar sobre c\u00f3mo la tecnolog\u00eda puede impulsar la Silver Economy (el conjunto de actividades econ\u00f3micas dedicadas a personas de 50 a\u00f1os o m\u00e1s) en territorios transfronterizos. La sesi\u00f3n se integr\u00f3 en las actividades del Digital Innovation Hub Silver Economy, una red de cooperaci\u00f3n p\u00fablico-privada financiada por el Programa Interreg VI Espa\u00f1a-Portugal (POCTEP), cuyo objetivo es promover la transformaci\u00f3n digital de las peque\u00f1as y medianas empresas y las entidades p\u00fablicas.<\/p><p>El encuentro sirvi\u00f3 tambi\u00e9n como anticipo del VII Congreso Internacional Silver Economy, que se celebrar\u00e1 en Zamora del 27 al 29 de noviembre, en una intervenci\u00f3n a cargo de Ana Isabel S\u00e1nchez Iglesias. La inauguraci\u00f3n del evento corri\u00f3 a cargo de la alcaldesa de Bragan\u00e7a, Isabel Ferreira, y del presidente del IPB, Orlando Rodrigues.<\/p><p>Con un enfoque principalmente pr\u00e1ctico, el preevento destac\u00f3 por la Feria de Innovaci\u00f3n, en la que investigadores y empresas presentaron soluciones tecnol\u00f3gicas aplicables al envejecimiento activo, convirti\u00e9ndolo en un factor de desarrollo para las regiones.<\/p><p>Fuente\/Foto: CM Bragan\u00e7a<\/p>\t\t\t\t\t\t<\/div>\n\t\t\t\t<\/div>\n\t\t\t\t\t<\/div>\n\t\t\t\t<\/div>\n\t\t\t\t\t\t\t<\/div>\n\t\t","protected":false},"excerpt":{"rendered":"<p>En el Brigantia Ecopark, expertos y empresas de Portugal y Espa\u00f1a se reunieron en el Pre-Evento del Digital Innovation Hub [&hellip;]<\/p>\n","protected":false},"author":7,"featured_media":13316,"comment_status":"open","ping_status":"open","sticky":false,"template":"","format":"standard","meta":{"footnotes":""},"categories":[36],"tags":[],"class_list":["post-13400","post","type-post","status-publish","format-standard","has-post-thumbnail","hentry","category-sin-categorizar"],"_links":{"self":[{"href":"https:\/\/dihse.es\/es\/wp-json\/wp\/v2\/posts\/13400","targetHints":{"allow":["GET"]}}],"collection":[{"href":"https:\/\/dihse.es\/es\/wp-json\/wp\/v2\/posts"}],"about":[{"href":"https:\/\/dihse.es\/es\/wp-json\/wp\/v2\/types\/post"}],"author":[{"embeddable":true,"href":"https:\/\/dihse.es\/es\/wp-json\/wp\/v2\/users\/7"}],"replies":[{"embeddable":true,"href":"https:\/\/dihse.es\/es\/wp-json\/wp\/v2\/comments?post=13400"}],"version-history":[{"count":4,"href":"https:\/\/dihse.es\/es\/wp-json\/wp\/v2\/posts\/13400\/revisions"}],"predecessor-version":[{"id":13412,"href":"https:\/\/dihse.es\/es\/wp-json\/wp\/v2\/posts\/13400\/revisions\/13412"}],"wp:featuredmedia":[{"embeddable":true,"href":"https:\/\/dihse.es\/es\/wp-json\/wp\/v2\/media\/13316"}],"wp:attachment":[{"href":"https:\/\/dihse.es\/es\/wp-json\/wp\/v2\/media?parent=13400"}],"wp:term":[{"taxonomy":"category","embeddable":true,"href":"https:\/\/dihse.es\/es\/wp-json\/wp\/v2\/categories?post=13400"},{"taxonomy":"post_tag","embeddable":true,"href":"https:\/\/dihse.es\/es\/wp-json\/wp\/v2\/tags?post=13400"}],"curies":[{"name":"wp","href":"https:\/\/api.w.org\/{rel}","templated":true}]}}